{"id":13467,"date":"2010-07-22T11:18:11","date_gmt":"2010-07-22T09:18:11","guid":{"rendered":"https:\/\/galerieschwind.superhappydesign.de\/werner-stoetzer-died\/"},"modified":"2010-07-22T11:18:11","modified_gmt":"2010-07-22T09:18:11","slug":"werner-stoetzer-died","status":"publish","type":"post","link":"https:\/\/www.galerie-schwind.de\/en\/werner-stoetzer-died\/","title":{"rendered":"Werner St\u00f6tzer died"},"content":{"rendered":"<p>Werner St\u00f6tzer died on July 22, 2010, at the age of 79, after a serious illness in Altlangsow, Brandenburg. Werner St\u00f6tzer was one of the most important sculptors in the GDR. In addition, his extensive oeuvre continues to have an impact far into contemporary art.  <\/p>\n","protected":false},"excerpt":{"rendered":"<p>Werner St\u00f6tzer died on July 22, 2010, at the age of 79, after a serious illness in Altlangsow, Brandenburg. Werner&hellip; <a class=\"more-link\" href=\"https:\/\/www.galerie-schwind.de\/en\/werner-stoetzer-died\/\">Continue reading <span class=\"screen-reader-text\">Werner St\u00f6tzer died<\/span><\/a><\/p>\n","protected":false},"author":1,"featured_media":10995,"comment_status":"open","ping_status":"open","sticky":false,"template":"","format":"standard","meta":{"_acf_changed":false,"_coblocks_attr":"","_coblocks_dimensions":"","_coblocks_responsive_height":"","_coblocks_accordion_ie_support":"","footnotes":""},"categories":[],"tags":[],"class_list":["post-13467","post","type-post","status-publish","format-standard","has-post-thumbnail","hentry","entry"],"acf":[],"yoast_head":"<!-- This site is optimized with the Yoast SEO plugin v27.2 - https:\/\/yoast.com\/product\/yoast-seo-wordpress\/ -->\n<title>Werner St\u00f6tzer died - Galerie Schwind<\/title>\n<meta name=\"robots\" content=\"index, follow, max-snippet:-1, max-image-preview:large, max-video-preview:-1\" \/>\n<link rel=\"canonical\" href=\"https:\/\/www.galerie-schwind.de\/en\/werner-stoetzer-died\/\" \/>\n<meta property=\"og:locale\" content=\"en_US\" \/>\n<meta property=\"og:type\" content=\"article\" \/>\n<meta property=\"og:title\" content=\"Werner St\u00f6tzer died - Galerie Schwind\" \/>\n<meta property=\"og:description\" content=\"Werner St\u00f6tzer died on July 22, 2010, at the age of 79, after a serious illness in Altlangsow, Brandenburg. Werner&hellip; Continue reading Werner St\u00f6tzer died\" \/>\n<meta property=\"og:url\" content=\"https:\/\/www.galerie-schwind.de\/en\/werner-stoetzer-died\/\" \/>\n<meta property=\"og:site_name\" content=\"Galerie Schwind\" \/>\n<meta property=\"article:published_time\" content=\"2010-07-22T09:18:11+00:00\" \/>\n<meta property=\"og:image\" content=\"https:\/\/www.galerie-schwind.de\/wp-content\/uploads\/2021\/12\/2009.jpg\" \/>\n\t<meta property=\"og:image:width\" content=\"292\" \/>\n\t<meta property=\"og:image:height\" content=\"400\" \/>\n\t<meta property=\"og:image:type\" content=\"image\/jpeg\" \/>\n<meta name=\"author\" content=\"svog\" \/>\n<meta name=\"twitter:card\" content=\"summary_large_image\" \/>\n<meta name=\"twitter:label1\" content=\"Written by\" \/>\n\t<meta name=\"twitter:data1\" content=\"svog\" \/>\n<script type=\"application\/ld+json\" class=\"yoast-schema-graph\">{\"@context\":\"https:\/\/schema.org\",\"@graph\":[{\"@type\":\"Article\",\"@id\":\"https:\/\/www.galerie-schwind.de\/en\/werner-stoetzer-died\/#article\",\"isPartOf\":{\"@id\":\"https:\/\/www.galerie-schwind.de\/en\/werner-stoetzer-died\/\"},\"author\":{\"name\":\"svog\",\"@id\":\"https:\/\/www.galerie-schwind.de\/en\/#\/schema\/person\/c588d7d3a9cee1d6c200284d40a387a9\"},\"headline\":\"Werner St\u00f6tzer died\",\"datePublished\":\"2010-07-22T09:18:11+00:00\",\"mainEntityOfPage\":{\"@id\":\"https:\/\/www.galerie-schwind.de\/en\/werner-stoetzer-died\/\"},\"wordCount\":48,\"commentCount\":0,\"image\":{\"@id\":\"https:\/\/www.galerie-schwind.de\/en\/werner-stoetzer-died\/#primaryimage\"},\"thumbnailUrl\":\"https:\/\/www.galerie-schwind.de\/wp-content\/uploads\/2021\/12\/2009.jpg\",\"inLanguage\":\"en-US\",\"potentialAction\":[{\"@type\":\"CommentAction\",\"name\":\"Comment\",\"target\":[\"https:\/\/www.galerie-schwind.de\/en\/werner-stoetzer-died\/#respond\"]}]},{\"@type\":\"WebPage\",\"@id\":\"https:\/\/www.galerie-schwind.de\/en\/werner-stoetzer-died\/\",\"url\":\"https:\/\/www.galerie-schwind.de\/en\/werner-stoetzer-died\/\",\"name\":\"Werner St\u00f6tzer died - Galerie Schwind\",\"isPartOf\":{\"@id\":\"https:\/\/www.galerie-schwind.de\/en\/#website\"},\"primaryImageOfPage\":{\"@id\":\"https:\/\/www.galerie-schwind.de\/en\/werner-stoetzer-died\/#primaryimage\"},\"image\":{\"@id\":\"https:\/\/www.galerie-schwind.de\/en\/werner-stoetzer-died\/#primaryimage\"},\"thumbnailUrl\":\"https:\/\/www.galerie-schwind.de\/wp-content\/uploads\/2021\/12\/2009.jpg\",\"datePublished\":\"2010-07-22T09:18:11+00:00\",\"author\":{\"@id\":\"https:\/\/www.galerie-schwind.de\/en\/#\/schema\/person\/c588d7d3a9cee1d6c200284d40a387a9\"},\"breadcrumb\":{\"@id\":\"https:\/\/www.galerie-schwind.de\/en\/werner-stoetzer-died\/#breadcrumb\"},\"inLanguage\":\"en-US\",\"potentialAction\":[{\"@type\":\"ReadAction\",\"target\":[\"https:\/\/www.galerie-schwind.de\/en\/werner-stoetzer-died\/\"]}]},{\"@type\":\"ImageObject\",\"inLanguage\":\"en-US\",\"@id\":\"https:\/\/www.galerie-schwind.de\/en\/werner-stoetzer-died\/#primaryimage\",\"url\":\"https:\/\/www.galerie-schwind.de\/wp-content\/uploads\/2021\/12\/2009.jpg\",\"contentUrl\":\"https:\/\/www.galerie-schwind.de\/wp-content\/uploads\/2021\/12\/2009.jpg\",\"width\":292,\"height\":400,\"caption\":\"News\"},{\"@type\":\"BreadcrumbList\",\"@id\":\"https:\/\/www.galerie-schwind.de\/en\/werner-stoetzer-died\/#breadcrumb\",\"itemListElement\":[{\"@type\":\"ListItem\",\"position\":1,\"name\":\"Startseite\",\"item\":\"https:\/\/www.galerie-schwind.de\/en\/\"},{\"@type\":\"ListItem\",\"position\":2,\"name\":\"Werner St\u00f6tzer died\"}]},{\"@type\":\"WebSite\",\"@id\":\"https:\/\/www.galerie-schwind.de\/en\/#website\",\"url\":\"https:\/\/www.galerie-schwind.de\/en\/\",\"name\":\"Galerie Schwind\",\"description\":\"\",\"potentialAction\":[{\"@type\":\"SearchAction\",\"target\":{\"@type\":\"EntryPoint\",\"urlTemplate\":\"https:\/\/www.galerie-schwind.de\/en\/?s={search_term_string}\"},\"query-input\":{\"@type\":\"PropertyValueSpecification\",\"valueRequired\":true,\"valueName\":\"search_term_string\"}}],\"inLanguage\":\"en-US\"},{\"@type\":\"Person\",\"@id\":\"https:\/\/www.galerie-schwind.de\/en\/#\/schema\/person\/c588d7d3a9cee1d6c200284d40a387a9\",\"name\":\"svog\",\"image\":{\"@type\":\"ImageObject\",\"inLanguage\":\"en-US\",\"@id\":\"https:\/\/secure.gravatar.com\/avatar\/f252a204db285a19d7d7e7b1b33f3f62a7b5e1cf92cc560c2a5f82a12899dd9d?s=96&d=mm&r=g\",\"url\":\"https:\/\/secure.gravatar.com\/avatar\/f252a204db285a19d7d7e7b1b33f3f62a7b5e1cf92cc560c2a5f82a12899dd9d?s=96&d=mm&r=g\",\"contentUrl\":\"https:\/\/secure.gravatar.com\/avatar\/f252a204db285a19d7d7e7b1b33f3f62a7b5e1cf92cc560c2a5f82a12899dd9d?s=96&d=mm&r=g\",\"caption\":\"svog\"},\"sameAs\":[\"http:\/\/galerieschwind.superhappydesign.de\/\/\"],\"url\":\"https:\/\/www.galerie-schwind.de\/en\/author\/svog\/\"}]}<\/script>\n<!-- \/ Yoast SEO plugin. -->","yoast_head_json":{"title":"Werner St\u00f6tzer died - Galerie Schwind","robots":{"index":"index","follow":"follow","max-snippet":"max-snippet:-1","max-image-preview":"max-image-preview:large","max-video-preview":"max-video-preview:-1"},"canonical":"https:\/\/www.galerie-schwind.de\/en\/werner-stoetzer-died\/","og_locale":"en_US","og_type":"article","og_title":"Werner St\u00f6tzer died - Galerie Schwind","og_description":"Werner St\u00f6tzer died on July 22, 2010, at the age of 79, after a serious illness in Altlangsow, Brandenburg. Werner&hellip; Continue reading Werner St\u00f6tzer died","og_url":"https:\/\/www.galerie-schwind.de\/en\/werner-stoetzer-died\/","og_site_name":"Galerie Schwind","article_published_time":"2010-07-22T09:18:11+00:00","og_image":[{"width":292,"height":400,"url":"https:\/\/www.galerie-schwind.de\/wp-content\/uploads\/2021\/12\/2009.jpg","type":"image\/jpeg"}],"author":"svog","twitter_card":"summary_large_image","twitter_misc":{"Written by":"svog"},"schema":{"@context":"https:\/\/schema.org","@graph":[{"@type":"Article","@id":"https:\/\/www.galerie-schwind.de\/en\/werner-stoetzer-died\/#article","isPartOf":{"@id":"https:\/\/www.galerie-schwind.de\/en\/werner-stoetzer-died\/"},"author":{"name":"svog","@id":"https:\/\/www.galerie-schwind.de\/en\/#\/schema\/person\/c588d7d3a9cee1d6c200284d40a387a9"},"headline":"Werner St\u00f6tzer died","datePublished":"2010-07-22T09:18:11+00:00","mainEntityOfPage":{"@id":"https:\/\/www.galerie-schwind.de\/en\/werner-stoetzer-died\/"},"wordCount":48,"commentCount":0,"image":{"@id":"https:\/\/www.galerie-schwind.de\/en\/werner-stoetzer-died\/#primaryimage"},"thumbnailUrl":"https:\/\/www.galerie-schwind.de\/wp-content\/uploads\/2021\/12\/2009.jpg","inLanguage":"en-US","potentialAction":[{"@type":"CommentAction","name":"Comment","target":["https:\/\/www.galerie-schwind.de\/en\/werner-stoetzer-died\/#respond"]}]},{"@type":"WebPage","@id":"https:\/\/www.galerie-schwind.de\/en\/werner-stoetzer-died\/","url":"https:\/\/www.galerie-schwind.de\/en\/werner-stoetzer-died\/","name":"Werner St\u00f6tzer died - Galerie Schwind","isPartOf":{"@id":"https:\/\/www.galerie-schwind.de\/en\/#website"},"primaryImageOfPage":{"@id":"https:\/\/www.galerie-schwind.de\/en\/werner-stoetzer-died\/#primaryimage"},"image":{"@id":"https:\/\/www.galerie-schwind.de\/en\/werner-stoetzer-died\/#primaryimage"},"thumbnailUrl":"https:\/\/www.galerie-schwind.de\/wp-content\/uploads\/2021\/12\/2009.jpg","datePublished":"2010-07-22T09:18:11+00:00","author":{"@id":"https:\/\/www.galerie-schwind.de\/en\/#\/schema\/person\/c588d7d3a9cee1d6c200284d40a387a9"},"breadcrumb":{"@id":"https:\/\/www.galerie-schwind.de\/en\/werner-stoetzer-died\/#breadcrumb"},"inLanguage":"en-US","potentialAction":[{"@type":"ReadAction","target":["https:\/\/www.galerie-schwind.de\/en\/werner-stoetzer-died\/"]}]},{"@type":"ImageObject","inLanguage":"en-US","@id":"https:\/\/www.galerie-schwind.de\/en\/werner-stoetzer-died\/#primaryimage","url":"https:\/\/www.galerie-schwind.de\/wp-content\/uploads\/2021\/12\/2009.jpg","contentUrl":"https:\/\/www.galerie-schwind.de\/wp-content\/uploads\/2021\/12\/2009.jpg","width":292,"height":400,"caption":"News"},{"@type":"BreadcrumbList","@id":"https:\/\/www.galerie-schwind.de\/en\/werner-stoetzer-died\/#breadcrumb","itemListElement":[{"@type":"ListItem","position":1,"name":"Startseite","item":"https:\/\/www.galerie-schwind.de\/en\/"},{"@type":"ListItem","position":2,"name":"Werner St\u00f6tzer died"}]},{"@type":"WebSite","@id":"https:\/\/www.galerie-schwind.de\/en\/#website","url":"https:\/\/www.galerie-schwind.de\/en\/","name":"Galerie Schwind","description":"","potentialAction":[{"@type":"SearchAction","target":{"@type":"EntryPoint","urlTemplate":"https:\/\/www.galerie-schwind.de\/en\/?s={search_term_string}"},"query-input":{"@type":"PropertyValueSpecification","valueRequired":true,"valueName":"search_term_string"}}],"inLanguage":"en-US"},{"@type":"Person","@id":"https:\/\/www.galerie-schwind.de\/en\/#\/schema\/person\/c588d7d3a9cee1d6c200284d40a387a9","name":"svog","image":{"@type":"ImageObject","inLanguage":"en-US","@id":"https:\/\/secure.gravatar.com\/avatar\/f252a204db285a19d7d7e7b1b33f3f62a7b5e1cf92cc560c2a5f82a12899dd9d?s=96&d=mm&r=g","url":"https:\/\/secure.gravatar.com\/avatar\/f252a204db285a19d7d7e7b1b33f3f62a7b5e1cf92cc560c2a5f82a12899dd9d?s=96&d=mm&r=g","contentUrl":"https:\/\/secure.gravatar.com\/avatar\/f252a204db285a19d7d7e7b1b33f3f62a7b5e1cf92cc560c2a5f82a12899dd9d?s=96&d=mm&r=g","caption":"svog"},"sameAs":["http:\/\/galerieschwind.superhappydesign.de\/\/"],"url":"https:\/\/www.galerie-schwind.de\/en\/author\/svog\/"}]}},"_links":{"self":[{"href":"https:\/\/www.galerie-schwind.de\/en\/wp-json\/wp\/v2\/posts\/13467","targetHints":{"allow":["GET"]}}],"collection":[{"href":"https:\/\/www.galerie-schwind.de\/en\/wp-json\/wp\/v2\/posts"}],"about":[{"href":"https:\/\/www.galerie-schwind.de\/en\/wp-json\/wp\/v2\/types\/post"}],"author":[{"embeddable":true,"href":"https:\/\/www.galerie-schwind.de\/en\/wp-json\/wp\/v2\/users\/1"}],"replies":[{"embeddable":true,"href":"https:\/\/www.galerie-schwind.de\/en\/wp-json\/wp\/v2\/comments?post=13467"}],"version-history":[{"count":0,"href":"https:\/\/www.galerie-schwind.de\/en\/wp-json\/wp\/v2\/posts\/13467\/revisions"}],"wp:featuredmedia":[{"embeddable":true,"href":"https:\/\/www.galerie-schwind.de\/en\/wp-json\/wp\/v2\/media\/10995"}],"wp:attachment":[{"href":"https:\/\/www.galerie-schwind.de\/en\/wp-json\/wp\/v2\/media?parent=13467"}],"wp:term":[{"taxonomy":"category","embeddable":true,"href":"https:\/\/www.galerie-schwind.de\/en\/wp-json\/wp\/v2\/categories?post=13467"},{"taxonomy":"post_tag","embeddable":true,"href":"https:\/\/www.galerie-schwind.de\/en\/wp-json\/wp\/v2\/tags?post=13467"}],"curies":[{"name":"wp","href":"https:\/\/api.w.org\/{rel}","templated":true}]}}