{"id":13766,"date":"2013-11-26T16:09:51","date_gmt":"2013-11-26T15:09:51","guid":{"rendered":"https:\/\/galerieschwind.superhappydesign.de\/kloecker-collection-guest-of-fidelio-hr2-kultur-mattheuer-tuebke-rink-sitte-and-triegel\/"},"modified":"2013-11-26T16:09:51","modified_gmt":"2013-11-26T15:09:51","slug":"kloecker-collection-guest-of-fidelio-hr2-kultur-mattheuer-tuebke-rink-sitte-and-triegel","status":"publish","type":"post","link":"https:\/\/www.galerie-schwind.de\/en\/kloecker-collection-guest-of-fidelio-hr2-kultur-mattheuer-tuebke-rink-sitte-and-triegel\/","title":{"rendered":"Kl\u00f6cker Collection &#8211; Guest of Fidelio hr2-Kultur Mattheuer, T\u00fcbke, Rink, Sitte and Triegel"},"content":{"rendered":"<p>The Kl\u00f6cker couple from Bad Homburg collect art. More precisely, they collect portraits of women by contemporary artists, including Alberto Giacometti, Lucian Freud, Werner T\u00fcbke, Wolfgang Mattheuer, Arno Rink, Willi Sitte and Michael Triegel. Normally, the works of art hang on the walls of their home. Recently, however, an exhibition at the Lehmbruck Museum in Duisburg featured their collected treasures.   <\/p>\n<p>The show was broadcast on 26.11.2013.<\/p>\n","protected":false},"excerpt":{"rendered":"<p>The Kl\u00f6cker couple from Bad Homburg collect art. More precisely, they collect portraits of women by contemporary artists, including Alberto&hellip; <a class=\"more-link\" href=\"https:\/\/www.galerie-schwind.de\/en\/kloecker-collection-guest-of-fidelio-hr2-kultur-mattheuer-tuebke-rink-sitte-and-triegel\/\">Continue reading <span class=\"screen-reader-text\">Kl\u00f6cker Collection &#8211; Guest of Fidelio hr2-Kultur Mattheuer, T\u00fcbke, Rink, Sitte and Triegel<\/span><\/a><\/p>\n","protected":false},"author":1,"featured_media":10939,"comment_status":"open","ping_status":"open","sticky":false,"template":"","format":"standard","meta":{"_acf_changed":false,"_coblocks_attr":"","_coblocks_dimensions":"","_coblocks_responsive_height":"","_coblocks_accordion_ie_support":"","footnotes":""},"categories":[],"tags":[],"class_list":["post-13766","post","type-post","status-publish","format-standard","has-post-thumbnail","hentry","entry"],"acf":[],"yoast_head":"<!-- This site is optimized with the Yoast SEO plugin v27.2 - https:\/\/yoast.com\/product\/yoast-seo-wordpress\/ -->\n<title>Kl\u00f6cker Collection - Guest of Fidelio hr2-Kultur Mattheuer, T\u00fcbke, Rink, Sitte and Triegel - Galerie Schwind<\/title>\n<meta name=\"robots\" content=\"index, follow, max-snippet:-1, max-image-preview:large, max-video-preview:-1\" \/>\n<link rel=\"canonical\" href=\"https:\/\/www.galerie-schwind.de\/en\/kloecker-collection-guest-of-fidelio-hr2-kultur-mattheuer-tuebke-rink-sitte-and-triegel\/\" \/>\n<meta property=\"og:locale\" content=\"en_US\" \/>\n<meta property=\"og:type\" content=\"article\" \/>\n<meta property=\"og:title\" content=\"Kl\u00f6cker Collection - Guest of Fidelio hr2-Kultur Mattheuer, T\u00fcbke, Rink, Sitte and Triegel - Galerie Schwind\" \/>\n<meta property=\"og:description\" content=\"The Kl\u00f6cker couple from Bad Homburg collect art. More precisely, they collect portraits of women by contemporary artists, including Alberto&hellip; Continue reading Kl\u00f6cker Collection &#8211; Guest of Fidelio hr2-Kultur Mattheuer, T\u00fcbke, Rink, Sitte and Triegel\" \/>\n<meta property=\"og:url\" content=\"https:\/\/www.galerie-schwind.de\/en\/kloecker-collection-guest-of-fidelio-hr2-kultur-mattheuer-tuebke-rink-sitte-and-triegel\/\" \/>\n<meta property=\"og:site_name\" content=\"Galerie Schwind\" \/>\n<meta property=\"article:published_time\" content=\"2013-11-26T15:09:51+00:00\" \/>\n<meta property=\"og:image\" content=\"https:\/\/www.galerie-schwind.de\/wp-content\/uploads\/2021\/12\/G-106-Christine-als-Flora-1998-Mischtechnik-auf-Hartfaser-49-x-395-cm-Kopie.jpg\" \/>\n\t<meta property=\"og:image:width\" content=\"795\" \/>\n\t<meta property=\"og:image:height\" content=\"1000\" \/>\n\t<meta property=\"og:image:type\" content=\"image\/jpeg\" \/>\n<meta name=\"author\" content=\"svog\" \/>\n<meta name=\"twitter:card\" content=\"summary_large_image\" \/>\n<meta name=\"twitter:label1\" content=\"Written by\" \/>\n\t<meta name=\"twitter:data1\" content=\"svog\" \/>\n<script type=\"application\/ld+json\" class=\"yoast-schema-graph\">{\"@context\":\"https:\/\/schema.org\",\"@graph\":[{\"@type\":\"Article\",\"@id\":\"https:\/\/www.galerie-schwind.de\/en\/kloecker-collection-guest-of-fidelio-hr2-kultur-mattheuer-tuebke-rink-sitte-and-triegel\/#article\",\"isPartOf\":{\"@id\":\"https:\/\/www.galerie-schwind.de\/en\/kloecker-collection-guest-of-fidelio-hr2-kultur-mattheuer-tuebke-rink-sitte-and-triegel\/\"},\"author\":{\"name\":\"svog\",\"@id\":\"https:\/\/www.galerie-schwind.de\/en\/#\/schema\/person\/c588d7d3a9cee1d6c200284d40a387a9\"},\"headline\":\"Kl\u00f6cker Collection &#8211; Guest of Fidelio hr2-Kultur Mattheuer, T\u00fcbke, Rink, Sitte and Triegel\",\"datePublished\":\"2013-11-26T15:09:51+00:00\",\"mainEntityOfPage\":{\"@id\":\"https:\/\/www.galerie-schwind.de\/en\/kloecker-collection-guest-of-fidelio-hr2-kultur-mattheuer-tuebke-rink-sitte-and-triegel\/\"},\"wordCount\":83,\"commentCount\":0,\"image\":{\"@id\":\"https:\/\/www.galerie-schwind.de\/en\/kloecker-collection-guest-of-fidelio-hr2-kultur-mattheuer-tuebke-rink-sitte-and-triegel\/#primaryimage\"},\"thumbnailUrl\":\"https:\/\/www.galerie-schwind.de\/wp-content\/uploads\/2021\/12\/G-106-Christine-als-Flora-1998-Mischtechnik-auf-Hartfaser-49-x-395-cm-Kopie.jpg\",\"inLanguage\":\"en-US\",\"potentialAction\":[{\"@type\":\"CommentAction\",\"name\":\"Comment\",\"target\":[\"https:\/\/www.galerie-schwind.de\/en\/kloecker-collection-guest-of-fidelio-hr2-kultur-mattheuer-tuebke-rink-sitte-and-triegel\/#respond\"]}]},{\"@type\":\"WebPage\",\"@id\":\"https:\/\/www.galerie-schwind.de\/en\/kloecker-collection-guest-of-fidelio-hr2-kultur-mattheuer-tuebke-rink-sitte-and-triegel\/\",\"url\":\"https:\/\/www.galerie-schwind.de\/en\/kloecker-collection-guest-of-fidelio-hr2-kultur-mattheuer-tuebke-rink-sitte-and-triegel\/\",\"name\":\"Kl\u00f6cker Collection - Guest of Fidelio hr2-Kultur Mattheuer, T\u00fcbke, Rink, Sitte and Triegel - Galerie Schwind\",\"isPartOf\":{\"@id\":\"https:\/\/www.galerie-schwind.de\/en\/#website\"},\"primaryImageOfPage\":{\"@id\":\"https:\/\/www.galerie-schwind.de\/en\/kloecker-collection-guest-of-fidelio-hr2-kultur-mattheuer-tuebke-rink-sitte-and-triegel\/#primaryimage\"},\"image\":{\"@id\":\"https:\/\/www.galerie-schwind.de\/en\/kloecker-collection-guest-of-fidelio-hr2-kultur-mattheuer-tuebke-rink-sitte-and-triegel\/#primaryimage\"},\"thumbnailUrl\":\"https:\/\/www.galerie-schwind.de\/wp-content\/uploads\/2021\/12\/G-106-Christine-als-Flora-1998-Mischtechnik-auf-Hartfaser-49-x-395-cm-Kopie.jpg\",\"datePublished\":\"2013-11-26T15:09:51+00:00\",\"author\":{\"@id\":\"https:\/\/www.galerie-schwind.de\/en\/#\/schema\/person\/c588d7d3a9cee1d6c200284d40a387a9\"},\"breadcrumb\":{\"@id\":\"https:\/\/www.galerie-schwind.de\/en\/kloecker-collection-guest-of-fidelio-hr2-kultur-mattheuer-tuebke-rink-sitte-and-triegel\/#breadcrumb\"},\"inLanguage\":\"en-US\",\"potentialAction\":[{\"@type\":\"ReadAction\",\"target\":[\"https:\/\/www.galerie-schwind.de\/en\/kloecker-collection-guest-of-fidelio-hr2-kultur-mattheuer-tuebke-rink-sitte-and-triegel\/\"]}]},{\"@type\":\"ImageObject\",\"inLanguage\":\"en-US\",\"@id\":\"https:\/\/www.galerie-schwind.de\/en\/kloecker-collection-guest-of-fidelio-hr2-kultur-mattheuer-tuebke-rink-sitte-and-triegel\/#primaryimage\",\"url\":\"https:\/\/www.galerie-schwind.de\/wp-content\/uploads\/2021\/12\/G-106-Christine-als-Flora-1998-Mischtechnik-auf-Hartfaser-49-x-395-cm-Kopie.jpg\",\"contentUrl\":\"https:\/\/www.galerie-schwind.de\/wp-content\/uploads\/2021\/12\/G-106-Christine-als-Flora-1998-Mischtechnik-auf-Hartfaser-49-x-395-cm-Kopie.jpg\",\"width\":795,\"height\":1000},{\"@type\":\"BreadcrumbList\",\"@id\":\"https:\/\/www.galerie-schwind.de\/en\/kloecker-collection-guest-of-fidelio-hr2-kultur-mattheuer-tuebke-rink-sitte-and-triegel\/#breadcrumb\",\"itemListElement\":[{\"@type\":\"ListItem\",\"position\":1,\"name\":\"Startseite\",\"item\":\"https:\/\/www.galerie-schwind.de\/en\/\"},{\"@type\":\"ListItem\",\"position\":2,\"name\":\"Kl\u00f6cker Collection - Guest of Fidelio hr2-Kultur Mattheuer, T\u00fcbke, Rink, Sitte and Triegel\"}]},{\"@type\":\"WebSite\",\"@id\":\"https:\/\/www.galerie-schwind.de\/en\/#website\",\"url\":\"https:\/\/www.galerie-schwind.de\/en\/\",\"name\":\"Galerie Schwind\",\"description\":\"\",\"potentialAction\":[{\"@type\":\"SearchAction\",\"target\":{\"@type\":\"EntryPoint\",\"urlTemplate\":\"https:\/\/www.galerie-schwind.de\/en\/?s={search_term_string}\"},\"query-input\":{\"@type\":\"PropertyValueSpecification\",\"valueRequired\":true,\"valueName\":\"search_term_string\"}}],\"inLanguage\":\"en-US\"},{\"@type\":\"Person\",\"@id\":\"https:\/\/www.galerie-schwind.de\/en\/#\/schema\/person\/c588d7d3a9cee1d6c200284d40a387a9\",\"name\":\"svog\",\"image\":{\"@type\":\"ImageObject\",\"inLanguage\":\"en-US\",\"@id\":\"https:\/\/secure.gravatar.com\/avatar\/f252a204db285a19d7d7e7b1b33f3f62a7b5e1cf92cc560c2a5f82a12899dd9d?s=96&d=mm&r=g\",\"url\":\"https:\/\/secure.gravatar.com\/avatar\/f252a204db285a19d7d7e7b1b33f3f62a7b5e1cf92cc560c2a5f82a12899dd9d?s=96&d=mm&r=g\",\"contentUrl\":\"https:\/\/secure.gravatar.com\/avatar\/f252a204db285a19d7d7e7b1b33f3f62a7b5e1cf92cc560c2a5f82a12899dd9d?s=96&d=mm&r=g\",\"caption\":\"svog\"},\"sameAs\":[\"http:\/\/galerieschwind.superhappydesign.de\/\/\"],\"url\":\"https:\/\/www.galerie-schwind.de\/en\/author\/svog\/\"}]}<\/script>\n<!-- \/ Yoast SEO plugin. -->","yoast_head_json":{"title":"Kl\u00f6cker Collection - Guest of Fidelio hr2-Kultur Mattheuer, T\u00fcbke, Rink, Sitte and Triegel - Galerie Schwind","robots":{"index":"index","follow":"follow","max-snippet":"max-snippet:-1","max-image-preview":"max-image-preview:large","max-video-preview":"max-video-preview:-1"},"canonical":"https:\/\/www.galerie-schwind.de\/en\/kloecker-collection-guest-of-fidelio-hr2-kultur-mattheuer-tuebke-rink-sitte-and-triegel\/","og_locale":"en_US","og_type":"article","og_title":"Kl\u00f6cker Collection - Guest of Fidelio hr2-Kultur Mattheuer, T\u00fcbke, Rink, Sitte and Triegel - Galerie Schwind","og_description":"The Kl\u00f6cker couple from Bad Homburg collect art. More precisely, they collect portraits of women by contemporary artists, including Alberto&hellip; Continue reading Kl\u00f6cker Collection &#8211; Guest of Fidelio hr2-Kultur Mattheuer, T\u00fcbke, Rink, Sitte and Triegel","og_url":"https:\/\/www.galerie-schwind.de\/en\/kloecker-collection-guest-of-fidelio-hr2-kultur-mattheuer-tuebke-rink-sitte-and-triegel\/","og_site_name":"Galerie Schwind","article_published_time":"2013-11-26T15:09:51+00:00","og_image":[{"width":795,"height":1000,"url":"https:\/\/www.galerie-schwind.de\/wp-content\/uploads\/2021\/12\/G-106-Christine-als-Flora-1998-Mischtechnik-auf-Hartfaser-49-x-395-cm-Kopie.jpg","type":"image\/jpeg"}],"author":"svog","twitter_card":"summary_large_image","twitter_misc":{"Written by":"svog"},"schema":{"@context":"https:\/\/schema.org","@graph":[{"@type":"Article","@id":"https:\/\/www.galerie-schwind.de\/en\/kloecker-collection-guest-of-fidelio-hr2-kultur-mattheuer-tuebke-rink-sitte-and-triegel\/#article","isPartOf":{"@id":"https:\/\/www.galerie-schwind.de\/en\/kloecker-collection-guest-of-fidelio-hr2-kultur-mattheuer-tuebke-rink-sitte-and-triegel\/"},"author":{"name":"svog","@id":"https:\/\/www.galerie-schwind.de\/en\/#\/schema\/person\/c588d7d3a9cee1d6c200284d40a387a9"},"headline":"Kl\u00f6cker Collection &#8211; Guest of Fidelio hr2-Kultur Mattheuer, T\u00fcbke, Rink, Sitte and Triegel","datePublished":"2013-11-26T15:09:51+00:00","mainEntityOfPage":{"@id":"https:\/\/www.galerie-schwind.de\/en\/kloecker-collection-guest-of-fidelio-hr2-kultur-mattheuer-tuebke-rink-sitte-and-triegel\/"},"wordCount":83,"commentCount":0,"image":{"@id":"https:\/\/www.galerie-schwind.de\/en\/kloecker-collection-guest-of-fidelio-hr2-kultur-mattheuer-tuebke-rink-sitte-and-triegel\/#primaryimage"},"thumbnailUrl":"https:\/\/www.galerie-schwind.de\/wp-content\/uploads\/2021\/12\/G-106-Christine-als-Flora-1998-Mischtechnik-auf-Hartfaser-49-x-395-cm-Kopie.jpg","inLanguage":"en-US","potentialAction":[{"@type":"CommentAction","name":"Comment","target":["https:\/\/www.galerie-schwind.de\/en\/kloecker-collection-guest-of-fidelio-hr2-kultur-mattheuer-tuebke-rink-sitte-and-triegel\/#respond"]}]},{"@type":"WebPage","@id":"https:\/\/www.galerie-schwind.de\/en\/kloecker-collection-guest-of-fidelio-hr2-kultur-mattheuer-tuebke-rink-sitte-and-triegel\/","url":"https:\/\/www.galerie-schwind.de\/en\/kloecker-collection-guest-of-fidelio-hr2-kultur-mattheuer-tuebke-rink-sitte-and-triegel\/","name":"Kl\u00f6cker Collection - Guest of Fidelio hr2-Kultur Mattheuer, T\u00fcbke, Rink, Sitte and Triegel - Galerie Schwind","isPartOf":{"@id":"https:\/\/www.galerie-schwind.de\/en\/#website"},"primaryImageOfPage":{"@id":"https:\/\/www.galerie-schwind.de\/en\/kloecker-collection-guest-of-fidelio-hr2-kultur-mattheuer-tuebke-rink-sitte-and-triegel\/#primaryimage"},"image":{"@id":"https:\/\/www.galerie-schwind.de\/en\/kloecker-collection-guest-of-fidelio-hr2-kultur-mattheuer-tuebke-rink-sitte-and-triegel\/#primaryimage"},"thumbnailUrl":"https:\/\/www.galerie-schwind.de\/wp-content\/uploads\/2021\/12\/G-106-Christine-als-Flora-1998-Mischtechnik-auf-Hartfaser-49-x-395-cm-Kopie.jpg","datePublished":"2013-11-26T15:09:51+00:00","author":{"@id":"https:\/\/www.galerie-schwind.de\/en\/#\/schema\/person\/c588d7d3a9cee1d6c200284d40a387a9"},"breadcrumb":{"@id":"https:\/\/www.galerie-schwind.de\/en\/kloecker-collection-guest-of-fidelio-hr2-kultur-mattheuer-tuebke-rink-sitte-and-triegel\/#breadcrumb"},"inLanguage":"en-US","potentialAction":[{"@type":"ReadAction","target":["https:\/\/www.galerie-schwind.de\/en\/kloecker-collection-guest-of-fidelio-hr2-kultur-mattheuer-tuebke-rink-sitte-and-triegel\/"]}]},{"@type":"ImageObject","inLanguage":"en-US","@id":"https:\/\/www.galerie-schwind.de\/en\/kloecker-collection-guest-of-fidelio-hr2-kultur-mattheuer-tuebke-rink-sitte-and-triegel\/#primaryimage","url":"https:\/\/www.galerie-schwind.de\/wp-content\/uploads\/2021\/12\/G-106-Christine-als-Flora-1998-Mischtechnik-auf-Hartfaser-49-x-395-cm-Kopie.jpg","contentUrl":"https:\/\/www.galerie-schwind.de\/wp-content\/uploads\/2021\/12\/G-106-Christine-als-Flora-1998-Mischtechnik-auf-Hartfaser-49-x-395-cm-Kopie.jpg","width":795,"height":1000},{"@type":"BreadcrumbList","@id":"https:\/\/www.galerie-schwind.de\/en\/kloecker-collection-guest-of-fidelio-hr2-kultur-mattheuer-tuebke-rink-sitte-and-triegel\/#breadcrumb","itemListElement":[{"@type":"ListItem","position":1,"name":"Startseite","item":"https:\/\/www.galerie-schwind.de\/en\/"},{"@type":"ListItem","position":2,"name":"Kl\u00f6cker Collection - Guest of Fidelio hr2-Kultur Mattheuer, T\u00fcbke, Rink, Sitte and Triegel"}]},{"@type":"WebSite","@id":"https:\/\/www.galerie-schwind.de\/en\/#website","url":"https:\/\/www.galerie-schwind.de\/en\/","name":"Galerie Schwind","description":"","potentialAction":[{"@type":"SearchAction","target":{"@type":"EntryPoint","urlTemplate":"https:\/\/www.galerie-schwind.de\/en\/?s={search_term_string}"},"query-input":{"@type":"PropertyValueSpecification","valueRequired":true,"valueName":"search_term_string"}}],"inLanguage":"en-US"},{"@type":"Person","@id":"https:\/\/www.galerie-schwind.de\/en\/#\/schema\/person\/c588d7d3a9cee1d6c200284d40a387a9","name":"svog","image":{"@type":"ImageObject","inLanguage":"en-US","@id":"https:\/\/secure.gravatar.com\/avatar\/f252a204db285a19d7d7e7b1b33f3f62a7b5e1cf92cc560c2a5f82a12899dd9d?s=96&d=mm&r=g","url":"https:\/\/secure.gravatar.com\/avatar\/f252a204db285a19d7d7e7b1b33f3f62a7b5e1cf92cc560c2a5f82a12899dd9d?s=96&d=mm&r=g","contentUrl":"https:\/\/secure.gravatar.com\/avatar\/f252a204db285a19d7d7e7b1b33f3f62a7b5e1cf92cc560c2a5f82a12899dd9d?s=96&d=mm&r=g","caption":"svog"},"sameAs":["http:\/\/galerieschwind.superhappydesign.de\/\/"],"url":"https:\/\/www.galerie-schwind.de\/en\/author\/svog\/"}]}},"_links":{"self":[{"href":"https:\/\/www.galerie-schwind.de\/en\/wp-json\/wp\/v2\/posts\/13766","targetHints":{"allow":["GET"]}}],"collection":[{"href":"https:\/\/www.galerie-schwind.de\/en\/wp-json\/wp\/v2\/posts"}],"about":[{"href":"https:\/\/www.galerie-schwind.de\/en\/wp-json\/wp\/v2\/types\/post"}],"author":[{"embeddable":true,"href":"https:\/\/www.galerie-schwind.de\/en\/wp-json\/wp\/v2\/users\/1"}],"replies":[{"embeddable":true,"href":"https:\/\/www.galerie-schwind.de\/en\/wp-json\/wp\/v2\/comments?post=13766"}],"version-history":[{"count":0,"href":"https:\/\/www.galerie-schwind.de\/en\/wp-json\/wp\/v2\/posts\/13766\/revisions"}],"wp:featuredmedia":[{"embeddable":true,"href":"https:\/\/www.galerie-schwind.de\/en\/wp-json\/wp\/v2\/media\/10939"}],"wp:attachment":[{"href":"https:\/\/www.galerie-schwind.de\/en\/wp-json\/wp\/v2\/media?parent=13766"}],"wp:term":[{"taxonomy":"category","embeddable":true,"href":"https:\/\/www.galerie-schwind.de\/en\/wp-json\/wp\/v2\/categories?post=13766"},{"taxonomy":"post_tag","embeddable":true,"href":"https:\/\/www.galerie-schwind.de\/en\/wp-json\/wp\/v2\/tags?post=13766"}],"curies":[{"name":"wp","href":"https:\/\/api.w.org\/{rel}","templated":true}]}}