{"id":13893,"date":"2009-01-01T09:29:08","date_gmt":"2009-01-01T08:29:08","guid":{"rendered":"https:\/\/galerieschwind.superhappydesign.de\/michael-triegel-leipziger-blaetter-53\/"},"modified":"2009-01-01T09:29:08","modified_gmt":"2009-01-01T08:29:08","slug":"michael-triegel-leipziger-blaetter-53","status":"publish","type":"post","link":"https:\/\/www.galerie-schwind.de\/en\/michael-triegel-leipziger-blaetter-53\/","title":{"rendered":"Michael Triegel &#8211; Leipziger Bl\u00e4tter 53"},"content":{"rendered":"<p>An article about Michael Triegel was published in the current issue of Leipziger Bl\u00e4tter magazine (issue 53) under the title &#8220;Der K\u00fcnstler k\u00fcndet von Verg\u00e4nglichkeit &#8230;&#8221;. In it, the author Christine H\u00f6lzig provides an interesting insight into the multifaceted work of the Leipzig artist. <\/p>\n<p><a href=\"http:\/\/kulturstiftung-leipzig.de\/leipziger-blaetter\/heftarchiv\/heft-53\/\" target=\"_blank\" rel=\"noopener\">www.kulturstiftung-leipzig.de<\/a><\/p>\n","protected":false},"excerpt":{"rendered":"<p>An article about Michael Triegel was published in the current issue of Leipziger Bl\u00e4tter magazine (issue 53) under the title&hellip; <a class=\"more-link\" href=\"https:\/\/www.galerie-schwind.de\/en\/michael-triegel-leipziger-blaetter-53\/\">Continue reading <span class=\"screen-reader-text\">Michael Triegel &#8211; Leipziger Bl\u00e4tter 53<\/span><\/a><\/p>\n","protected":false},"author":1,"featured_media":11012,"comment_status":"open","ping_status":"open","sticky":false,"template":"","format":"standard","meta":{"_acf_changed":false,"_coblocks_attr":"","_coblocks_dimensions":"","_coblocks_responsive_height":"","_coblocks_accordion_ie_support":"","footnotes":""},"categories":[],"tags":[],"class_list":["post-13893","post","type-post","status-publish","format-standard","has-post-thumbnail","hentry","entry"],"acf":[],"yoast_head":"<!-- This site is optimized with the Yoast SEO plugin v27.2 - https:\/\/yoast.com\/product\/yoast-seo-wordpress\/ -->\n<title>Michael Triegel - Leipziger Bl\u00e4tter 53 - Galerie Schwind<\/title>\n<meta name=\"robots\" content=\"index, follow, max-snippet:-1, max-image-preview:large, max-video-preview:-1\" \/>\n<link rel=\"canonical\" href=\"https:\/\/www.galerie-schwind.de\/en\/michael-triegel-leipziger-blaetter-53\/\" \/>\n<meta property=\"og:locale\" content=\"en_US\" \/>\n<meta property=\"og:type\" content=\"article\" \/>\n<meta property=\"og:title\" content=\"Michael Triegel - Leipziger Bl\u00e4tter 53 - Galerie Schwind\" \/>\n<meta property=\"og:description\" content=\"An article about Michael Triegel was published in the current issue of Leipziger Bl\u00e4tter magazine (issue 53) under the title&hellip; Continue reading Michael Triegel &#8211; Leipziger Bl\u00e4tter 53\" \/>\n<meta property=\"og:url\" content=\"https:\/\/www.galerie-schwind.de\/en\/michael-triegel-leipziger-blaetter-53\/\" \/>\n<meta property=\"og:site_name\" content=\"Galerie Schwind\" \/>\n<meta property=\"article:published_time\" content=\"2009-01-01T08:29:08+00:00\" \/>\n<meta property=\"og:image\" content=\"https:\/\/www.galerie-schwind.de\/wp-content\/uploads\/2021\/12\/G-377-Stilleben-mit-Iris-2015-Mischtechnik-auf-Maltafel-30x245cm.jpg\" \/>\n\t<meta property=\"og:image:width\" content=\"789\" \/>\n\t<meta property=\"og:image:height\" content=\"1000\" \/>\n\t<meta property=\"og:image:type\" content=\"image\/jpeg\" \/>\n<meta name=\"author\" content=\"svog\" \/>\n<meta name=\"twitter:card\" content=\"summary_large_image\" \/>\n<meta name=\"twitter:label1\" content=\"Written by\" \/>\n\t<meta name=\"twitter:data1\" content=\"svog\" \/>\n<script type=\"application\/ld+json\" class=\"yoast-schema-graph\">{\"@context\":\"https:\/\/schema.org\",\"@graph\":[{\"@type\":\"Article\",\"@id\":\"https:\/\/www.galerie-schwind.de\/en\/michael-triegel-leipziger-blaetter-53\/#article\",\"isPartOf\":{\"@id\":\"https:\/\/www.galerie-schwind.de\/en\/michael-triegel-leipziger-blaetter-53\/\"},\"author\":{\"name\":\"svog\",\"@id\":\"https:\/\/www.galerie-schwind.de\/en\/#\/schema\/person\/c588d7d3a9cee1d6c200284d40a387a9\"},\"headline\":\"Michael Triegel &#8211; Leipziger Bl\u00e4tter 53\",\"datePublished\":\"2009-01-01T08:29:08+00:00\",\"mainEntityOfPage\":{\"@id\":\"https:\/\/www.galerie-schwind.de\/en\/michael-triegel-leipziger-blaetter-53\/\"},\"wordCount\":56,\"commentCount\":0,\"image\":{\"@id\":\"https:\/\/www.galerie-schwind.de\/en\/michael-triegel-leipziger-blaetter-53\/#primaryimage\"},\"thumbnailUrl\":\"https:\/\/www.galerie-schwind.de\/wp-content\/uploads\/2021\/12\/G-377-Stilleben-mit-Iris-2015-Mischtechnik-auf-Maltafel-30x245cm.jpg\",\"inLanguage\":\"en-US\",\"potentialAction\":[{\"@type\":\"CommentAction\",\"name\":\"Comment\",\"target\":[\"https:\/\/www.galerie-schwind.de\/en\/michael-triegel-leipziger-blaetter-53\/#respond\"]}]},{\"@type\":\"WebPage\",\"@id\":\"https:\/\/www.galerie-schwind.de\/en\/michael-triegel-leipziger-blaetter-53\/\",\"url\":\"https:\/\/www.galerie-schwind.de\/en\/michael-triegel-leipziger-blaetter-53\/\",\"name\":\"Michael Triegel - Leipziger Bl\u00e4tter 53 - Galerie Schwind\",\"isPartOf\":{\"@id\":\"https:\/\/www.galerie-schwind.de\/en\/#website\"},\"primaryImageOfPage\":{\"@id\":\"https:\/\/www.galerie-schwind.de\/en\/michael-triegel-leipziger-blaetter-53\/#primaryimage\"},\"image\":{\"@id\":\"https:\/\/www.galerie-schwind.de\/en\/michael-triegel-leipziger-blaetter-53\/#primaryimage\"},\"thumbnailUrl\":\"https:\/\/www.galerie-schwind.de\/wp-content\/uploads\/2021\/12\/G-377-Stilleben-mit-Iris-2015-Mischtechnik-auf-Maltafel-30x245cm.jpg\",\"datePublished\":\"2009-01-01T08:29:08+00:00\",\"author\":{\"@id\":\"https:\/\/www.galerie-schwind.de\/en\/#\/schema\/person\/c588d7d3a9cee1d6c200284d40a387a9\"},\"breadcrumb\":{\"@id\":\"https:\/\/www.galerie-schwind.de\/en\/michael-triegel-leipziger-blaetter-53\/#breadcrumb\"},\"inLanguage\":\"en-US\",\"potentialAction\":[{\"@type\":\"ReadAction\",\"target\":[\"https:\/\/www.galerie-schwind.de\/en\/michael-triegel-leipziger-blaetter-53\/\"]}]},{\"@type\":\"ImageObject\",\"inLanguage\":\"en-US\",\"@id\":\"https:\/\/www.galerie-schwind.de\/en\/michael-triegel-leipziger-blaetter-53\/#primaryimage\",\"url\":\"https:\/\/www.galerie-schwind.de\/wp-content\/uploads\/2021\/12\/G-377-Stilleben-mit-Iris-2015-Mischtechnik-auf-Maltafel-30x245cm.jpg\",\"contentUrl\":\"https:\/\/www.galerie-schwind.de\/wp-content\/uploads\/2021\/12\/G-377-Stilleben-mit-Iris-2015-Mischtechnik-auf-Maltafel-30x245cm.jpg\",\"width\":789,\"height\":1000},{\"@type\":\"BreadcrumbList\",\"@id\":\"https:\/\/www.galerie-schwind.de\/en\/michael-triegel-leipziger-blaetter-53\/#breadcrumb\",\"itemListElement\":[{\"@type\":\"ListItem\",\"position\":1,\"name\":\"Startseite\",\"item\":\"https:\/\/www.galerie-schwind.de\/en\/\"},{\"@type\":\"ListItem\",\"position\":2,\"name\":\"Michael Triegel - Leipziger Bl\u00e4tter 53\"}]},{\"@type\":\"WebSite\",\"@id\":\"https:\/\/www.galerie-schwind.de\/en\/#website\",\"url\":\"https:\/\/www.galerie-schwind.de\/en\/\",\"name\":\"Galerie Schwind\",\"description\":\"\",\"potentialAction\":[{\"@type\":\"SearchAction\",\"target\":{\"@type\":\"EntryPoint\",\"urlTemplate\":\"https:\/\/www.galerie-schwind.de\/en\/?s={search_term_string}\"},\"query-input\":{\"@type\":\"PropertyValueSpecification\",\"valueRequired\":true,\"valueName\":\"search_term_string\"}}],\"inLanguage\":\"en-US\"},{\"@type\":\"Person\",\"@id\":\"https:\/\/www.galerie-schwind.de\/en\/#\/schema\/person\/c588d7d3a9cee1d6c200284d40a387a9\",\"name\":\"svog\",\"image\":{\"@type\":\"ImageObject\",\"inLanguage\":\"en-US\",\"@id\":\"https:\/\/secure.gravatar.com\/avatar\/f252a204db285a19d7d7e7b1b33f3f62a7b5e1cf92cc560c2a5f82a12899dd9d?s=96&d=mm&r=g\",\"url\":\"https:\/\/secure.gravatar.com\/avatar\/f252a204db285a19d7d7e7b1b33f3f62a7b5e1cf92cc560c2a5f82a12899dd9d?s=96&d=mm&r=g\",\"contentUrl\":\"https:\/\/secure.gravatar.com\/avatar\/f252a204db285a19d7d7e7b1b33f3f62a7b5e1cf92cc560c2a5f82a12899dd9d?s=96&d=mm&r=g\",\"caption\":\"svog\"},\"sameAs\":[\"http:\/\/galerieschwind.superhappydesign.de\/\/\"],\"url\":\"https:\/\/www.galerie-schwind.de\/en\/author\/svog\/\"}]}<\/script>\n<!-- \/ Yoast SEO plugin. -->","yoast_head_json":{"title":"Michael Triegel - Leipziger Bl\u00e4tter 53 - Galerie Schwind","robots":{"index":"index","follow":"follow","max-snippet":"max-snippet:-1","max-image-preview":"max-image-preview:large","max-video-preview":"max-video-preview:-1"},"canonical":"https:\/\/www.galerie-schwind.de\/en\/michael-triegel-leipziger-blaetter-53\/","og_locale":"en_US","og_type":"article","og_title":"Michael Triegel - Leipziger Bl\u00e4tter 53 - Galerie Schwind","og_description":"An article about Michael Triegel was published in the current issue of Leipziger Bl\u00e4tter magazine (issue 53) under the title&hellip; Continue reading Michael Triegel &#8211; Leipziger Bl\u00e4tter 53","og_url":"https:\/\/www.galerie-schwind.de\/en\/michael-triegel-leipziger-blaetter-53\/","og_site_name":"Galerie Schwind","article_published_time":"2009-01-01T08:29:08+00:00","og_image":[{"width":789,"height":1000,"url":"https:\/\/www.galerie-schwind.de\/wp-content\/uploads\/2021\/12\/G-377-Stilleben-mit-Iris-2015-Mischtechnik-auf-Maltafel-30x245cm.jpg","type":"image\/jpeg"}],"author":"svog","twitter_card":"summary_large_image","twitter_misc":{"Written by":"svog"},"schema":{"@context":"https:\/\/schema.org","@graph":[{"@type":"Article","@id":"https:\/\/www.galerie-schwind.de\/en\/michael-triegel-leipziger-blaetter-53\/#article","isPartOf":{"@id":"https:\/\/www.galerie-schwind.de\/en\/michael-triegel-leipziger-blaetter-53\/"},"author":{"name":"svog","@id":"https:\/\/www.galerie-schwind.de\/en\/#\/schema\/person\/c588d7d3a9cee1d6c200284d40a387a9"},"headline":"Michael Triegel &#8211; Leipziger Bl\u00e4tter 53","datePublished":"2009-01-01T08:29:08+00:00","mainEntityOfPage":{"@id":"https:\/\/www.galerie-schwind.de\/en\/michael-triegel-leipziger-blaetter-53\/"},"wordCount":56,"commentCount":0,"image":{"@id":"https:\/\/www.galerie-schwind.de\/en\/michael-triegel-leipziger-blaetter-53\/#primaryimage"},"thumbnailUrl":"https:\/\/www.galerie-schwind.de\/wp-content\/uploads\/2021\/12\/G-377-Stilleben-mit-Iris-2015-Mischtechnik-auf-Maltafel-30x245cm.jpg","inLanguage":"en-US","potentialAction":[{"@type":"CommentAction","name":"Comment","target":["https:\/\/www.galerie-schwind.de\/en\/michael-triegel-leipziger-blaetter-53\/#respond"]}]},{"@type":"WebPage","@id":"https:\/\/www.galerie-schwind.de\/en\/michael-triegel-leipziger-blaetter-53\/","url":"https:\/\/www.galerie-schwind.de\/en\/michael-triegel-leipziger-blaetter-53\/","name":"Michael Triegel - Leipziger Bl\u00e4tter 53 - Galerie Schwind","isPartOf":{"@id":"https:\/\/www.galerie-schwind.de\/en\/#website"},"primaryImageOfPage":{"@id":"https:\/\/www.galerie-schwind.de\/en\/michael-triegel-leipziger-blaetter-53\/#primaryimage"},"image":{"@id":"https:\/\/www.galerie-schwind.de\/en\/michael-triegel-leipziger-blaetter-53\/#primaryimage"},"thumbnailUrl":"https:\/\/www.galerie-schwind.de\/wp-content\/uploads\/2021\/12\/G-377-Stilleben-mit-Iris-2015-Mischtechnik-auf-Maltafel-30x245cm.jpg","datePublished":"2009-01-01T08:29:08+00:00","author":{"@id":"https:\/\/www.galerie-schwind.de\/en\/#\/schema\/person\/c588d7d3a9cee1d6c200284d40a387a9"},"breadcrumb":{"@id":"https:\/\/www.galerie-schwind.de\/en\/michael-triegel-leipziger-blaetter-53\/#breadcrumb"},"inLanguage":"en-US","potentialAction":[{"@type":"ReadAction","target":["https:\/\/www.galerie-schwind.de\/en\/michael-triegel-leipziger-blaetter-53\/"]}]},{"@type":"ImageObject","inLanguage":"en-US","@id":"https:\/\/www.galerie-schwind.de\/en\/michael-triegel-leipziger-blaetter-53\/#primaryimage","url":"https:\/\/www.galerie-schwind.de\/wp-content\/uploads\/2021\/12\/G-377-Stilleben-mit-Iris-2015-Mischtechnik-auf-Maltafel-30x245cm.jpg","contentUrl":"https:\/\/www.galerie-schwind.de\/wp-content\/uploads\/2021\/12\/G-377-Stilleben-mit-Iris-2015-Mischtechnik-auf-Maltafel-30x245cm.jpg","width":789,"height":1000},{"@type":"BreadcrumbList","@id":"https:\/\/www.galerie-schwind.de\/en\/michael-triegel-leipziger-blaetter-53\/#breadcrumb","itemListElement":[{"@type":"ListItem","position":1,"name":"Startseite","item":"https:\/\/www.galerie-schwind.de\/en\/"},{"@type":"ListItem","position":2,"name":"Michael Triegel - Leipziger Bl\u00e4tter 53"}]},{"@type":"WebSite","@id":"https:\/\/www.galerie-schwind.de\/en\/#website","url":"https:\/\/www.galerie-schwind.de\/en\/","name":"Galerie Schwind","description":"","potentialAction":[{"@type":"SearchAction","target":{"@type":"EntryPoint","urlTemplate":"https:\/\/www.galerie-schwind.de\/en\/?s={search_term_string}"},"query-input":{"@type":"PropertyValueSpecification","valueRequired":true,"valueName":"search_term_string"}}],"inLanguage":"en-US"},{"@type":"Person","@id":"https:\/\/www.galerie-schwind.de\/en\/#\/schema\/person\/c588d7d3a9cee1d6c200284d40a387a9","name":"svog","image":{"@type":"ImageObject","inLanguage":"en-US","@id":"https:\/\/secure.gravatar.com\/avatar\/f252a204db285a19d7d7e7b1b33f3f62a7b5e1cf92cc560c2a5f82a12899dd9d?s=96&d=mm&r=g","url":"https:\/\/secure.gravatar.com\/avatar\/f252a204db285a19d7d7e7b1b33f3f62a7b5e1cf92cc560c2a5f82a12899dd9d?s=96&d=mm&r=g","contentUrl":"https:\/\/secure.gravatar.com\/avatar\/f252a204db285a19d7d7e7b1b33f3f62a7b5e1cf92cc560c2a5f82a12899dd9d?s=96&d=mm&r=g","caption":"svog"},"sameAs":["http:\/\/galerieschwind.superhappydesign.de\/\/"],"url":"https:\/\/www.galerie-schwind.de\/en\/author\/svog\/"}]}},"_links":{"self":[{"href":"https:\/\/www.galerie-schwind.de\/en\/wp-json\/wp\/v2\/posts\/13893","targetHints":{"allow":["GET"]}}],"collection":[{"href":"https:\/\/www.galerie-schwind.de\/en\/wp-json\/wp\/v2\/posts"}],"about":[{"href":"https:\/\/www.galerie-schwind.de\/en\/wp-json\/wp\/v2\/types\/post"}],"author":[{"embeddable":true,"href":"https:\/\/www.galerie-schwind.de\/en\/wp-json\/wp\/v2\/users\/1"}],"replies":[{"embeddable":true,"href":"https:\/\/www.galerie-schwind.de\/en\/wp-json\/wp\/v2\/comments?post=13893"}],"version-history":[{"count":0,"href":"https:\/\/www.galerie-schwind.de\/en\/wp-json\/wp\/v2\/posts\/13893\/revisions"}],"wp:featuredmedia":[{"embeddable":true,"href":"https:\/\/www.galerie-schwind.de\/en\/wp-json\/wp\/v2\/media\/11012"}],"wp:attachment":[{"href":"https:\/\/www.galerie-schwind.de\/en\/wp-json\/wp\/v2\/media?parent=13893"}],"wp:term":[{"taxonomy":"category","embeddable":true,"href":"https:\/\/www.galerie-schwind.de\/en\/wp-json\/wp\/v2\/categories?post=13893"},{"taxonomy":"post_tag","embeddable":true,"href":"https:\/\/www.galerie-schwind.de\/en\/wp-json\/wp\/v2\/tags?post=13893"}],"curies":[{"name":"wp","href":"https:\/\/api.w.org\/{rel}","templated":true}]}}